{"id":11783,"date":"2020-06-20T10:27:18","date_gmt":"2020-06-20T15:27:18","guid":{"rendered":"https:\/\/migracion.besco.com.pe\/?p=11783"},"modified":"2022-08-08T18:30:43","modified_gmt":"2022-08-08T18:30:43","slug":"ministro-de-vivienda-y-de-defensa-visitan-obra-del-condominio-alameda-del-rimac-en-reinicio-de-actividades-del-sector-de-la-construccion","status":"publish","type":"post","link":"https:\/\/besco.com.pe\/blog\/ministro-de-vivienda-y-de-defensa-visitan-obra-del-condominio-alameda-del-rimac-en-reinicio-de-actividades-del-sector-de-la-construccion\/","title":{"rendered":"Ministro de Vivienda y de Defensa visitan obra del condominio \u201cAlameda del R\u00edmac\u201d en reinicio de actividades del sector de la construcci\u00f3n"},"content":{"rendered":"<p>&nbsp;<\/p>\n<p style=\"text-align: justify;\"><span style=\"font-size: 16px;\">Los Ministros pudieron apreciar los protocolos sanitarios implementados por la empresa Besco para el reinicio de actividades.<\/span><\/p>\n<p><span style=\"font-size: 16px;\">\u201cLa Alameda del R\u00edmac\u201d es una de los grandes proyectos de vivienda social que se desarrolla en nuestra capital y que permitir\u00e1 a cerca de 6000 familias acceder a una vivienda digna y eco amigable.<\/span><\/p>\n<p style=\"text-align: justify;\"><span style=\"font-size: 16px;\"><strong>Lima, junio de 2020.-<\/strong> El Ministro de Vivienda, Construcci\u00f3n y Saneamiento, Rodolfo Ya\u00f1ez, en compa\u00f1\u00eda de su similar de Defensa, Walter Martos visitaron esta ma\u00f1ana la obra del condominio \u201cAlameda del R\u00edmac\u201d, de la empresa BESCO, donde pudieron supervisar la implementaci\u00f3n de los protocolos de seguridad para el reinicio de actividades de este sector.<\/span><\/p>\n<p style=\"text-align: justify;\"><span style=\"font-size: 16px;\">\u201cLo que intentamos es que se reactive la econom\u00eda, pero con control de la salud, no queremos que nadie se vea expuesto. Tenemos un compromiso con el sector privado para autorizar el reinicio de sus obras pero con el estricto cumplimiento de las medidas dadas\u201d, coment\u00f3 el ministro Ya\u00f1ez.<\/span><\/p>\n<p style=\"text-align: justify;\"><span style=\"font-size: 16px;\">Cerca de 2,306 proyectos han solicitado el permiso para retomar actividades y a la fecha 630 ya han recibido la autorizaci\u00f3n para continuar trabajando.<\/span><\/p>\n<p style=\"text-align: justify;\"><span style=\"font-size: 16px;\">Por su parte, Javier Salazar, gerente general de Besco expres\u00f3: \u201cEstamos comprometidos en cuidar la salud de nuestros trabajadores y cumplir con todos los requisitos y protocolos sanitarios para continuar trabajando y que m\u00e1s peruanos tengan acceso a una vivienda digna.\u201d<\/span><\/p>\n<p style=\"text-align: justify;\"><span style=\"font-size: 16px;\">Besco viene desarrollando un estricto protocolo de bioseguridad al ingreso de la obra, para ello cuentan con estaciones de lavado de manos, toma de temperatura, c\u00e1maras de desinfecci\u00f3n y entrega de EPPs. Adem\u00e1s, dentro de sus instalaciones garantizan el distanciamiento de 1.5m entre los trabajadores.<\/span><\/p>\n<p style=\"text-align: justify;\"><span style=\"font-size: 16px;\">En tato, el ministro Martos se\u00f1al\u00f3 que \u201clas medidas deben permanecer en el tiempo pues es la \u00fanica manera de continuar trabajando en este nuevo escenario y en esta nueva convivencia. Tenemos que respetar estos protocolos de manera rigurosa y transmitir al personal que estamos en la mitad del camino y debemos ser muy cuidadosos para no afectar a nadie\u201d.<\/span><\/p>\n<p style=\"text-align: justify;\"><span style=\"font-size: 16px;\">Salazar tambi\u00e9n destac\u00f3 que hoy m\u00e1s que nunca, se evidencia la importancia de que las familias vivan en espacios seguros, con agua y desag\u00fce donde puedan cuidar su salud.<\/span><\/p>\n<p style=\"text-align: justify;\"><span style=\"font-size: 16px;\">La reactivaci\u00f3n del sector en esta primera etapa, permitir\u00e1 continuar con el desarrollo de unos de los principales motores de la econom\u00eda del pa\u00eds. El Gobierno, adem\u00e1s, viene impulsando mejoras en los programas Mi Vivienda y Techo Propio para contribuir en el dinamismo del sector.<\/span><\/p>\n<p style=\"text-align: justify;\"><span style=\"font-size: 16px;\">El proyecto inmobiliario de vivienda social \u201cAlameda del R\u00edmac\u201d, que se construye sobre terrenos contiguos al Fuerte Militar Rafael Hoyos Rubio es uno de los m\u00e1s grandes de nuestra capital.\u00a0 Contar\u00e1 con cerca de 6000 departamentos que cuentan con la certificaci\u00f3n de vivienda eco sostenible, 800 de los cuales ser\u00e1n para miembros del Ej\u00e9rcito de nuestro pa\u00eds.<\/span><\/p>\n<p>&nbsp;<\/p>\n","protected":false},"excerpt":{"rendered":"<p>&nbsp; Los Ministros pudieron apreciar los protocolos sanitarios implementados por la empresa Besco para el reinicio de actividades. \u201cLa Alameda del R\u00edmac\u201d es una de los grandes proyectos de vivienda social que se desarrolla en nuestra capital y que permitir\u00e1 a cerca de 6000 familias acceder a una vivienda digna y eco amigable. Lima, junio [&hellip;]<\/p>\n","protected":false},"author":10,"featured_media":11868,"comment_status":"open","ping_status":"closed","sticky":false,"template":"","format":"standard","meta":{"inline_featured_image":false,"footnotes":""},"categories":[1],"tags":[],"class_list":["post-11783","post","type-post","status-publish","format-standard","has-post-thumbnail","hentry","category-novedades"],"_links":{"self":[{"href":"https:\/\/besco.com.pe\/blog\/wp-json\/wp\/v2\/posts\/11783","targetHints":{"allow":["GET"]}}],"collection":[{"href":"https:\/\/besco.com.pe\/blog\/wp-json\/wp\/v2\/posts"}],"about":[{"href":"https:\/\/besco.com.pe\/blog\/wp-json\/wp\/v2\/types\/post"}],"author":[{"embeddable":true,"href":"https:\/\/besco.com.pe\/blog\/wp-json\/wp\/v2\/users\/10"}],"replies":[{"embeddable":true,"href":"https:\/\/besco.com.pe\/blog\/wp-json\/wp\/v2\/comments?post=11783"}],"version-history":[{"count":1,"href":"https:\/\/besco.com.pe\/blog\/wp-json\/wp\/v2\/posts\/11783\/revisions"}],"predecessor-version":[{"id":17076,"href":"https:\/\/besco.com.pe\/blog\/wp-json\/wp\/v2\/posts\/11783\/revisions\/17076"}],"wp:featuredmedia":[{"embeddable":true,"href":"https:\/\/besco.com.pe\/blog\/wp-json\/wp\/v2\/media\/11868"}],"wp:attachment":[{"href":"https:\/\/besco.com.pe\/blog\/wp-json\/wp\/v2\/media?parent=11783"}],"wp:term":[{"taxonomy":"category","embeddable":true,"href":"https:\/\/besco.com.pe\/blog\/wp-json\/wp\/v2\/categories?post=11783"},{"taxonomy":"post_tag","embeddable":true,"href":"https:\/\/besco.com.pe\/blog\/wp-json\/wp\/v2\/tags?post=11783"}],"curies":[{"name":"wp","href":"https:\/\/api.w.org\/{rel}","templated":true}]}}