{"id":11794,"date":"2019-09-05T10:44:04","date_gmt":"2019-09-05T15:44:04","guid":{"rendered":"https:\/\/migracion.besco.com.pe\/?p=11794"},"modified":"2022-08-08T18:33:32","modified_gmt":"2022-08-08T18:33:32","slug":"se-coloco-primera-piedra-de-uno-de-los-proyectos-de-vivienda-social-mas-grandes-del-pais","status":"publish","type":"post","link":"https:\/\/besco.com.pe\/blog\/se-coloco-primera-piedra-de-uno-de-los-proyectos-de-vivienda-social-mas-grandes-del-pais\/","title":{"rendered":"Se coloc\u00f3 primera piedra de uno de los proyectos de vivienda social m\u00e1s grandes del pa\u00eds"},"content":{"rendered":"<p style=\"text-align: justify;\"><span style=\"font-size: 16px;\"><strong>Proyecto inmobiliario \u201cLa Alameda del R\u00edmac\u201d se construye en terreno contiguo al Fuerte militar Hoyos Rubio del R\u00edmac<\/strong><\/span><\/p>\n<p style=\"text-align: justify;\"><span style=\"font-size: 16px;\"><strong>800 departamentos ser\u00e1n destinados \u00fanicamente para el Ej\u00e9rcito bajo la modalidad del programa Techo Propio.<\/strong><\/span><\/p>\n<p style=\"text-align: justify;\"><span style=\"font-size: 16px;\"><strong><em>Lima, 05 de septiembre de 2019.<\/em><\/strong> Con la presencia del Ministro de Defensa, Jorge Moscoso Flores; Ministro de Vivienda Construcci\u00f3n y Saneamiento, el Ingeniero Miguel Estrada Mendoza; el Comandante General del Ej\u00e9rcito, Jorge Celiz Kuong, y el alcalde del R\u00edmac, Pedro Rosario, esta ma\u00f1ana se coloc\u00f3 la primera piedra del gran proyecto inmobiliario \u201cAlameda del R\u00edmac\u201d.<\/span><\/p>\n<p style=\"text-align: justify;\"><span style=\"font-size: 16px;\">En un terreno de 314 mil m2. adyacente al Fuerte militar Hoyos Rubios, de propiedad del Ej\u00e9rcito peruano, Miranda Constructores, filial de la inmobiliaria Besco, inici\u00f3 la construcci\u00f3n de un proyecto de nueve condominios, con un total de 5,984 departamentos destinados a vivienda. Este importante proyecto se lleva a cabo gracias al acuerdo entre la instituci\u00f3n castrense y la constructora.<\/span><\/p>\n<p style=\"text-align: justify;\"><span style=\"font-size: 16px;\">\u201cLa Alameda del R\u00edmac\u201d, contempla la construcci\u00f3n de viviendas sociales que podr\u00e1n ser adquiridas a trav\u00e9s del Programa Techo Propio y el nuevo Cr\u00e9dito MiVivienda.<\/span><\/p>\n<p style=\"text-align: justify;\"><span style=\"font-size: 16px;\">El proyecto est\u00e1 dividido en tres sectores. El primero a desarrollarse, el sector Alameda del R\u00edmac, abarca 800 viviendas en torres de 12 y 13 pisos, exclusivamente para el personal del Ej\u00e9rcito. Son viviendas de 86 m2 totalmente terminadas que se vender\u00e1n en el valor l\u00edmite del Programa Techo Propio, beneficiando al personal de t\u00e9cnicos y suboficiales de esta fuerza armada.<\/span><\/p>\n<p style=\"text-align: justify;\"><span style=\"font-size: 16px;\">Posteriormente se continuar\u00e1 con la construcci\u00f3n de los sectores \u201cAltos\u201d y \u201cPraderas\u201d, con viviendas enmarcadas dentro de los programas Techo Propio y MiVivienda, respectivamente. All\u00ed se edificar\u00e1n 2,880 departamentos de 65.35 m2, y 2,304 departamentos de 50.30 m2. En total, m\u00e1s de 5,000 departamentos en torres de 18 y 20 pisos, distribuidos en 5 condominios; todas certificadas adem\u00e1s como viviendas ecoamigables.<\/span><\/p>\n<p style=\"text-align: justify;\"><span style=\"font-size: 16px;\">Las obras de habilitaci\u00f3n urbana se iniciaron en agosto de este a\u00f1o y para el 2020 se tiene programada la entrega de los primeros 1,104 departamentos con la siguiente distribuci\u00f3n:<\/span><\/p>\n<p><span style=\"font-size: 16px;\">Pradera del R\u00edmac 480 departamentos<br \/>\n<\/span><\/p>\n<p><span style=\"font-size: 16px;\">Altos del R\u00edmac 432 departamentos<\/span><\/p>\n<p><span style=\"font-size: 16px;\">Alameda del R\u00edmac 192 departamentos<\/span><\/p>\n<p style=\"text-align: justify;\"><span style=\"font-size: 16px;\">Este es uno de los proyectos de vivienda social m\u00e1s importantes del pa\u00eds, que permitir\u00e1 a miles de familias cumplir el sue\u00f1o de la casa propia.<\/span><\/p>\n<p style=\"text-align: justify;\"><span style=\"font-size: 16px;\">Es importante destacar, que esta urbanizaci\u00f3n ecoamigable, se integra de una manera arm\u00f3nica y moderna al distrito del R\u00edmac respetando su tradici\u00f3n e historia.<\/span><\/p>\n<p>&nbsp;<\/p>\n","protected":false},"excerpt":{"rendered":"<p>Proyecto inmobiliario \u201cLa Alameda del R\u00edmac\u201d se construye en terreno contiguo al Fuerte militar Hoyos Rubio del R\u00edmac 800 departamentos ser\u00e1n destinados \u00fanicamente para el Ej\u00e9rcito bajo la modalidad del programa Techo Propio. Lima, 05 de septiembre de 2019. Con la presencia del Ministro de Defensa, Jorge Moscoso Flores; Ministro de Vivienda Construcci\u00f3n y Saneamiento, [&hellip;]<\/p>\n","protected":false},"author":10,"featured_media":11880,"comment_status":"open","ping_status":"closed","sticky":false,"template":"","format":"standard","meta":{"inline_featured_image":false,"footnotes":""},"categories":[5],"tags":[],"class_list":["post-11794","post","type-post","status-publish","format-standard","has-post-thumbnail","hentry","category-inversion-inmobiliaria"],"_links":{"self":[{"href":"https:\/\/besco.com.pe\/blog\/wp-json\/wp\/v2\/posts\/11794","targetHints":{"allow":["GET"]}}],"collection":[{"href":"https:\/\/besco.com.pe\/blog\/wp-json\/wp\/v2\/posts"}],"about":[{"href":"https:\/\/besco.com.pe\/blog\/wp-json\/wp\/v2\/types\/post"}],"author":[{"embeddable":true,"href":"https:\/\/besco.com.pe\/blog\/wp-json\/wp\/v2\/users\/10"}],"replies":[{"embeddable":true,"href":"https:\/\/besco.com.pe\/blog\/wp-json\/wp\/v2\/comments?post=11794"}],"version-history":[{"count":1,"href":"https:\/\/besco.com.pe\/blog\/wp-json\/wp\/v2\/posts\/11794\/revisions"}],"predecessor-version":[{"id":17083,"href":"https:\/\/besco.com.pe\/blog\/wp-json\/wp\/v2\/posts\/11794\/revisions\/17083"}],"wp:featuredmedia":[{"embeddable":true,"href":"https:\/\/besco.com.pe\/blog\/wp-json\/wp\/v2\/media\/11880"}],"wp:attachment":[{"href":"https:\/\/besco.com.pe\/blog\/wp-json\/wp\/v2\/media?parent=11794"}],"wp:term":[{"taxonomy":"category","embeddable":true,"href":"https:\/\/besco.com.pe\/blog\/wp-json\/wp\/v2\/categories?post=11794"},{"taxonomy":"post_tag","embeddable":true,"href":"https:\/\/besco.com.pe\/blog\/wp-json\/wp\/v2\/tags?post=11794"}],"curies":[{"name":"wp","href":"https:\/\/api.w.org\/{rel}","templated":true}]}}