{"id":11797,"date":"2019-01-23T10:54:35","date_gmt":"2019-01-23T15:54:35","guid":{"rendered":"https:\/\/migracion.besco.com.pe\/?p=11797"},"modified":"2022-11-22T17:40:29","modified_gmt":"2022-11-22T17:40:29","slug":"se-construira-proyecto-inmobiliario-de-mas-de-cinco-mil-departamentos-en-terrenos-contiguos-al-fuerte-militar-hoyos-rubio-del-rimac","status":"publish","type":"post","link":"https:\/\/besco.com.pe\/blog\/se-construira-proyecto-inmobiliario-de-mas-de-cinco-mil-departamentos-en-terrenos-contiguos-al-fuerte-militar-hoyos-rubio-del-rimac\/","title":{"rendered":"Se construir\u00e1 proyecto inmobiliario de m\u00e1s de cinco mil departamentos al Fuerte militar Hoyos Rubio del R\u00edmac"},"content":{"rendered":"<p style=\"text-align: justify;\"><span style=\"font-size: 16px;\">La inmobiliaria Besco cerr\u00f3 un acuerdo con el <strong>Ej\u00e9rcito peruano<\/strong> para edificar nueve condominios a los que la poblaci\u00f3n acceder\u00e1 mediante el bono Mi Vivienda Verde.<\/span><\/p>\n<p><span style=\"font-size: 16px;\">Con la presencia del presidente de la Rep\u00fablica, Mart\u00edn Vizcarra y el ministro de Vivienda, Javier Piqu\u00e9, se lanz\u00f3 el megaproyecto inmobiliario \u201c<a href=\"https:\/\/besco.com.pe\/blog\/entrega-departamentos-las-lomas-del-rimac\/\">La Alameda del R\u00edmac<\/a>\u201d.<\/span><\/p>\n<p style=\"text-align: justify;\"><span style=\"font-size: 16px;\"><strong>Lima, 23 de enero de 2019.<\/strong> En un terreno de 314 mil m2. adyacente al Fuerte militar Hoyos Rubio de propiedad del Ej\u00e9rcito peruano, la inmobiliaria Besco construir\u00e1 un proyecto de nueve condominios con un total de 5,984 departamentos destinados a vivienda. El importante proyecto es posible gracias al acuerdo entre la instituci\u00f3n castrense y la constructora.<\/span><\/p>\n<p style=\"text-align: justify;\"><span style=\"font-size: 16px;\">Con la presencia del presidente de la Rep\u00fablica, Mart\u00edn Vizcarra y el ministro de Vivienda, Javier Piqu\u00e9, se lanz\u00f3 el megaproyecto inmobiliario \u201c<a href=\"https:\/\/besco.com.pe\/blog\/entrega-departamentos-las-lomas-del-rimac\/\">La Alameda del R\u00edmac<\/a>\u201d, que contempla la construcci\u00f3n de viviendas sociales que podr\u00e1n ser adquiridas a trav\u00e9s del Programa Techo Propio y el nuevo Cr\u00e9dito MiVivienda.<\/span><\/p>\n<p style=\"text-align: justify;\"><span style=\"font-size: 16px;\">El sector Alameda del R\u00edmac, considera 800 viviendas en torres de 12 y 13 pisos, exclusivamente para el personal del Ej\u00e9rcito, en condiciones excepcionales. Son viviendas de 86 m2 totalmente terminados que se vender\u00e1n en el valor l\u00edmite del Programa Techo Propio, beneficiando al personal de t\u00e9cnicos y suboficiales del Ej\u00e9rcito.<\/span><\/p>\n<p style=\"text-align: justify;\"><span style=\"font-size: 16px;\">\u201cEste tipo de proyectos, la confianza de la inversi\u00f3n privada en nuestro pa\u00eds, son los que nos dan las bases para garantizar el desarrollo de todos los peruanos\u201d, se\u00f1alo el presidente Vizcarra.<\/span><\/p>\n<p style=\"text-align: justify;\"><span style=\"font-size: 16px;\">Por otro lado, en los sectores Altos y Praderas se construir\u00e1n viviendas enmarcadas en los programas Techo Propio y MiVivienda, respectivamente. All\u00ed se edificar\u00e1n m\u00e1s de 5,000 departamentos en torres de 20 y 18 pisos, todas certificadas como viviendas ecoamigables.<\/span><\/p>\n<p style=\"text-align: justify;\"><span style=\"font-size: 16px;\">La construcci\u00f3n de la primera etapa de \u201c<a href=\"https:\/\/besco.com.pe\/blog\/entrega-departamentos-las-lomas-del-rimac\/\">La Alameda del R\u00edmac<\/a>\u201d, se iniciar\u00e1 en el primer semestre de 2019 y su entrega est\u00e1 programada para fines del 2020. Este es uno de los megaproyectos inmobiliarios m\u00e1s importantes del pa\u00eds, por el cual las familias podr\u00e1n cumplir el sue\u00f1o de la casa propia.<\/span><\/p>\n<p style=\"text-align: justify;\"><span style=\"font-size: 16px;\">\u201cLa idea de esta gran urbanizaci\u00f3n es integrarla con el distrito del R\u00edmac, una comuna llena de tradici\u00f3n e historia. Por ello, la Urbanizaci\u00f3n Ecoamigable <a href=\"https:\/\/besco.com.pe\/venta-departamentos\/pradera-rimac\">Las Lomas del R\u00edmac<\/a>, tiene la visi\u00f3n de conectar en forma arm\u00f3nica la historia y la modernidad\u201d, expres\u00f3 Javier Salazar, gerente general de Besco.<\/span><\/p>\n<p style=\"text-align: justify;\"><span style=\"font-size: 16px;\">Como se sabe, el Consorcio Besco-Besalco, viene desarrollando la Villa de Atletas, ubicada en el distrito de Villa el Salvador. Este recinto albergar\u00e1 a cerca de 10 mil deportistas y t\u00e9cnicos durante la realizaci\u00f3n de los Juegos y se entregar\u00e1 el pr\u00f3ximo 31 de marzo.<\/span><\/p>\n<p>&nbsp;<\/p>\n","protected":false},"excerpt":{"rendered":"<p>La inmobiliaria Besco cerr\u00f3 un acuerdo con el Ej\u00e9rcito peruano para edificar nueve condominios a los que la poblaci\u00f3n acceder\u00e1 mediante el bono Mi Vivienda Verde. Con la presencia del presidente de la Rep\u00fablica, Mart\u00edn Vizcarra y el ministro de Vivienda, Javier Piqu\u00e9, se lanz\u00f3 el megaproyecto inmobiliario \u201cLa Alameda del R\u00edmac\u201d. Lima, 23 de [&hellip;]<\/p>\n","protected":false},"author":10,"featured_media":11882,"comment_status":"open","ping_status":"closed","sticky":false,"template":"","format":"standard","meta":{"inline_featured_image":false,"footnotes":""},"categories":[5],"tags":[],"class_list":["post-11797","post","type-post","status-publish","format-standard","has-post-thumbnail","hentry","category-inversion-inmobiliaria"],"_links":{"self":[{"href":"https:\/\/besco.com.pe\/blog\/wp-json\/wp\/v2\/posts\/11797","targetHints":{"allow":["GET"]}}],"collection":[{"href":"https:\/\/besco.com.pe\/blog\/wp-json\/wp\/v2\/posts"}],"about":[{"href":"https:\/\/besco.com.pe\/blog\/wp-json\/wp\/v2\/types\/post"}],"author":[{"embeddable":true,"href":"https:\/\/besco.com.pe\/blog\/wp-json\/wp\/v2\/users\/10"}],"replies":[{"embeddable":true,"href":"https:\/\/besco.com.pe\/blog\/wp-json\/wp\/v2\/comments?post=11797"}],"version-history":[{"count":3,"href":"https:\/\/besco.com.pe\/blog\/wp-json\/wp\/v2\/posts\/11797\/revisions"}],"predecessor-version":[{"id":18114,"href":"https:\/\/besco.com.pe\/blog\/wp-json\/wp\/v2\/posts\/11797\/revisions\/18114"}],"wp:featuredmedia":[{"embeddable":true,"href":"https:\/\/besco.com.pe\/blog\/wp-json\/wp\/v2\/media\/11882"}],"wp:attachment":[{"href":"https:\/\/besco.com.pe\/blog\/wp-json\/wp\/v2\/media?parent=11797"}],"wp:term":[{"taxonomy":"category","embeddable":true,"href":"https:\/\/besco.com.pe\/blog\/wp-json\/wp\/v2\/categories?post=11797"},{"taxonomy":"post_tag","embeddable":true,"href":"https:\/\/besco.com.pe\/blog\/wp-json\/wp\/v2\/tags?post=11797"}],"curies":[{"name":"wp","href":"https:\/\/api.w.org\/{rel}","templated":true}]}}