{"id":15203,"date":"2020-12-10T13:42:43","date_gmt":"2020-12-10T18:42:43","guid":{"rendered":"https:\/\/besco.com.pe\/?p=15203"},"modified":"2022-12-15T21:20:07","modified_gmt":"2022-12-15T21:20:07","slug":"entrega-departamentos-las-lomas-del-rimac","status":"publish","type":"post","link":"https:\/\/besco.com.pe\/blog\/entrega-departamentos-las-lomas-del-rimac\/","title":{"rendered":"Entrega de departamentos en Las Lomas del R\u00edmac"},"content":{"rendered":"<h3 style=\"text-align: center;\"><strong>SE ENTREGARON LOS PRIMEROS DEPARTAMENTO DEL PROYECTO DE VIVIENDA SOCIAL M\u00c1S GRANDE DEL PA\u00cdS<\/strong><\/h3>\n<p>&nbsp;<\/p>\n<ul>\n<li><em>El condominio La Alameda del R\u00edmac, ubicado en un terreno adyacente al Fuerte Hoyos Rubios, contar\u00e1 con cerca de 6,000 viviendas familiares.<br \/>\n<\/em><\/li>\n<li><em>La ceremonia cont\u00f3 con la presencia del Comandante General del Ej\u00e9rcito, Viceministro de Pol\u00edticas para la Defensa y el alcalde del R\u00edmac.<\/em><\/li>\n<\/ul>\n<p>&nbsp;<\/p>\n<p style=\"text-align: justify;\"><strong>400 familias<\/strong> recibir\u00e1n las llaves de sus nuevas viviendas antes de fin de a\u00f1o, en el condominio \u201cLa Alameda del R\u00edmac\u201d, uno de los proyectos de vivienda social m\u00e1s grande del pa\u00eds.<\/p>\n<p>&nbsp;<\/p>\n<p style=\"text-align: justify;\">Esta ma\u00f1ana, la viceministra de Vivienda, Construcci\u00f3n y Saneamiento, Elizabeth A\u00f1a\u00f1os, acompa\u00f1ada por el viceministro de Pol\u00edticas para la Defensa, Manuel Mesones, el Comandante General del Ejercito Manuel Gomez de la Torre y Javier Salazar, gerente general de BESCO, acompa\u00f1aron al grupo de familias correspondiente a los miembros del Ej\u00e9rcito, en este importante momento en sus vidas.<\/p>\n<p style=\"text-align: justify;\">Besco inici\u00f3 la construcci\u00f3n de este gran proyecto inmobiliario, que contar\u00e1 con 5,984 departamentos, en mayo de 2019 gracias a un acuerdo con el Ej\u00e9rcito Peruano y el Fondo MiVivienda. 800 de ellos ser\u00e1 de 86,6m2 y estar\u00e1n de venta exclusiva para los miembros del Ejercito mediante el programa Techo Propio. El personal del Ej\u00e9rcito son la primera l\u00ednea del combate contra el COVID-19, que el Per\u00fa viene librando.<\/p>\n<p style=\"text-align: justify;\">Otros 5,184 departamentos estar\u00e1n disponibles para la venta al p\u00fablico. De los cuales, 2,880 departamentos de 65 metros cuadrados podr\u00e1n ser adquiridos y financiados mediante el programa MiVivienda y otros 2,304 departamentos de 50 y 59 metros cuadrados, se podr\u00e1n financiar con el programa Techo Propio o MiVivienda, cuyos departamentos son, adem\u00e1s, certificados como MiVivienda Verde por el Fondo MiVivienda.<\/p>\n<p style=\"text-align: justify;\">\u201cEstos departamentos ofrecer\u00e1n viviendas formales y de calidad para miles de familias peruanas adem\u00e1s de incorporar sistemas eficientes que conservan el medio ambiente y representan un ahorro para los propietarios\u201d expres\u00f3 Javier Salazar, gerente general de BESCO. \u201cAdem\u00e1s se trata de una Urbanizaci\u00f3n Ecoamigable, con \u00e1reas verdes y ciclov\u00edas \u201c, a\u00f1adi\u00f3.<\/p>\n<p style=\"text-align: justify;\">Estas viviendas, aprovecha al m\u00e1ximo la luz natural y utiliza focos led, que iluminan con mayor eficiencia y consumen menos energ\u00eda. Tiene tambi\u00e9n grifer\u00eda e inodoros ahorradores de agua, junto con un sistema de tratamiento de aguas grises para reutilizar el agua de lavamanos y duchas, para regar jardines. Adem\u00e1s, cuentan con instalaciones de gas natural para termas y calentadores de agua.<\/p>\n<p><i>\u00bfT\u00fa tambi\u00e9n quieres cumplir el sue\u00f1o del depa propio? En <\/i><strong><i>Inmobiliaria Besco<\/i><\/strong><i>\u00a0te ofrecemos departamentos en Lima y en Piura.<\/i><a href=\"https:\/\/besco.com.pe\/venta-departamentos\">\u00a0<i>Si deseas mayor informaci\u00f3n sobre nuestros proyectos, ponte en contacto con nosotros y te responderemos a la brevedad.<\/i><\/a><\/p>\n","protected":false},"excerpt":{"rendered":"<p>SE ENTREGARON LOS PRIMEROS DEPARTAMENTO DEL PROYECTO DE VIVIENDA SOCIAL M\u00c1S GRANDE DEL PA\u00cdS &nbsp; El condominio La Alameda del R\u00edmac, ubicado en un terreno adyacente al Fuerte Hoyos Rubios, contar\u00e1 con cerca de 6,000 viviendas familiares. La ceremonia cont\u00f3 con la presencia del Comandante General del Ej\u00e9rcito, Viceministro de Pol\u00edticas para la Defensa y [&hellip;]<\/p>\n","protected":false},"author":10,"featured_media":15204,"comment_status":"open","ping_status":"closed","sticky":false,"template":"","format":"standard","meta":{"inline_featured_image":false,"footnotes":""},"categories":[1],"tags":[],"class_list":["post-15203","post","type-post","status-publish","format-standard","has-post-thumbnail","hentry","category-novedades"],"_links":{"self":[{"href":"https:\/\/besco.com.pe\/blog\/wp-json\/wp\/v2\/posts\/15203","targetHints":{"allow":["GET"]}}],"collection":[{"href":"https:\/\/besco.com.pe\/blog\/wp-json\/wp\/v2\/posts"}],"about":[{"href":"https:\/\/besco.com.pe\/blog\/wp-json\/wp\/v2\/types\/post"}],"author":[{"embeddable":true,"href":"https:\/\/besco.com.pe\/blog\/wp-json\/wp\/v2\/users\/10"}],"replies":[{"embeddable":true,"href":"https:\/\/besco.com.pe\/blog\/wp-json\/wp\/v2\/comments?post=15203"}],"version-history":[{"count":3,"href":"https:\/\/besco.com.pe\/blog\/wp-json\/wp\/v2\/posts\/15203\/revisions"}],"predecessor-version":[{"id":18220,"href":"https:\/\/besco.com.pe\/blog\/wp-json\/wp\/v2\/posts\/15203\/revisions\/18220"}],"wp:featuredmedia":[{"embeddable":true,"href":"https:\/\/besco.com.pe\/blog\/wp-json\/wp\/v2\/media\/15204"}],"wp:attachment":[{"href":"https:\/\/besco.com.pe\/blog\/wp-json\/wp\/v2\/media?parent=15203"}],"wp:term":[{"taxonomy":"category","embeddable":true,"href":"https:\/\/besco.com.pe\/blog\/wp-json\/wp\/v2\/categories?post=15203"},{"taxonomy":"post_tag","embeddable":true,"href":"https:\/\/besco.com.pe\/blog\/wp-json\/wp\/v2\/tags?post=15203"}],"curies":[{"name":"wp","href":"https:\/\/api.w.org\/{rel}","templated":true}]}}